{"id":3477,"date":"2023-05-17T15:11:02","date_gmt":"2023-05-17T15:11:02","guid":{"rendered":"https:\/\/www.stefanlotter.at\/?p=3477"},"modified":"2023-05-17T15:11:02","modified_gmt":"2023-05-17T15:11:02","slug":"lyrik-im-wald-da-steht-ein-haeusl","status":"publish","type":"post","link":"https:\/\/www.stefanlotter.at\/index.php\/2023\/05\/17\/lyrik-im-wald-da-steht-ein-haeusl\/","title":{"rendered":"Lyrik: Im Wald, da steht ein H\u00e4usl"},"content":{"rendered":"<p><span class=\"yt-core-attributed-string yt-core-attributed-string--white-space-pre-wrap\">D<\/span><span class=\"yt-core-attributed-string yt-core-attributed-string--white-space-pre-wrap\">er folgende Text hat einen konkreten Ausl\u00f6ser. Am 31.1.2023 t\u00e4tigte der Politiker Gottfried Waldh\u00e4usl aus der rechtsnationalen Partei FP\u00d6 in \u00d6sterreich im Zuge einer Fernseh-Diskussionssendung om Sender Puls4 eine Aussage, die dazu f\u00fchrte, dass wenige Tage sp\u00e4ter &#8211; offenbar &#8211; eine rechtsnationale Gruppierung vor einer \u00f6ffentlichen Schule in Wien unter anderem Flyer mit rassistischen Inhalten verteilte. Im folgenden Gedicht hat der Autor versucht, sein Bedauern und auch Entstetzen \u00fcber das Erstarken rechtsnationaler Tendenzen in seinem Heimatland und der Tatsache, was heute von Politikern in der \u00d6ffentlichkeit ohne Augenzwinkern gesagt wird, zum Ausdruck zu bringen. Die Wortwahl ist dabei bewusst etwas derber gew\u00e4hlt. Es wird niemand direkt angegriffen, eine gewisse Gruppe von Menschen wird sich dadurch jedoch angesprochen f\u00fchlen. Und soll das auch. Wenn Sie, geehrte Leserin oder geehrter Leser, nicht sicher sind, ob Sie damit umgehen k\u00f6nnen, bitte ich Sie, das Video nicht anzusehen. <\/span><\/p>\n\t\t\t<div \n\t\t\tclass=\"yotu-playlist yotuwp yotu-limit-min yotu-limit-max   yotu-thumb-169  yotu-template-grid\" \n\t\t\tdata-page=\"1\"\n\t\t\tid=\"yotuwp-69f76965c5eac\"\n\t\t\tdata-yotu=\"69f76965dd829\"\n\t\t\tdata-total=\"1\"\n\t\t\tdata-settings=\"eyJ0eXBlIjoidmlkZW9zIiwiaWQiOiI5QXAwcUhYdk5XdyIsInBhZ2luYXRpb24iOiJvbiIsInBhZ2l0eXBlIjoibG9hZG1vcmUiLCJjb2x1bW4iOiI0IiwicGVyX3BhZ2UiOiI0IiwidGVtcGxhdGUiOiJncmlkIiwidGl0bGUiOiJvbiIsImRlc2NyaXB0aW9uIjoib2ZmIiwidGh1bWJyYXRpbyI6IjE2OSIsIm1ldGEiOiJvZmYiLCJtZXRhX2RhdGEiOiJvZmYiLCJtZXRhX3Bvc2l0aW9uIjoib2ZmIiwiZGF0ZV9mb3JtYXQiOiJvZmYiLCJtZXRhX2FsaWduIjoib2ZmIiwic3Vic2NyaWJlIjoib2ZmIiwiZHVyYXRpb24iOiJvZmYiLCJtZXRhX2ljb24iOiJvZmYiLCJuZXh0dGV4dCI6IiIsInByZXZ0ZXh0IjoiIiwibG9hZG1vcmV0ZXh0IjoiIiwicGxheWVyIjp7Im1vZGUiOiJsYXJnZSIsIndpZHRoIjoiNDAwIiwic2Nyb2xsaW5nIjoiNTAiLCJhdXRvcGxheSI6MCwiY29udHJvbHMiOjEsIm1vZGVzdGJyYW5kaW5nIjoxLCJsb29wIjowLCJhdXRvbmV4dCI6MCwic2hvd2luZm8iOjEsInJlbCI6MSwicGxheWluZyI6MCwicGxheWluZ19kZXNjcmlwdGlvbiI6MCwidGh1bWJuYWlscyI6MCwiY2NfbG9hZF9wb2xpY3kiOiIxIiwiY2NfbGFuZ19wcmVmIjoiMSIsImhsIjoiIiwiaXZfbG9hZF9wb2xpY3kiOiIxIn0sImxhc3RfdGFiIjoicGxheWVyIiwidXNlX2FzX21vZGFsIjoib2ZmIiwibW9kYWxfaWQiOiJvZmYiLCJsYXN0X3VwZGF0ZSI6IjE1Njg1NjYwNDEiLCJzdHlsaW5nIjp7InBhZ2VyX2xheW91dCI6ImRlZmF1bHQiLCJidXR0b24iOiIzIiwiYnV0dG9uX2NvbG9yIjoiIiwiYnV0dG9uX2JnX2NvbG9yIjoiIiwiYnV0dG9uX2NvbG9yX2hvdmVyIjoiIiwiYnV0dG9uX2JnX2NvbG9yX2hvdmVyIjoiIiwidmlkZW9fc3R5bGUiOiJncGx1cyIsInBsYXlpY29uX2NvbG9yIjoiIiwiaG92ZXJfaWNvbiI6IiIsImdhbGxlcnlfYmciOiIifSwiZWZmZWN0cyI6eyJ2aWRlb19ib3giOiIiLCJmbGlwX2VmZmVjdCI6IiJ9LCJnYWxsZXJ5X2lkIjoiNjlmNzY5NjVjNWVhYyJ9\"\n\t\t\tdata-player=\"large\"\n\t\t\tdata-showdesc=\"off\" >\n\t\t\t\t<div>\n\t\t\t\t\t\t\t\t\t\t<div class=\"yotu-wrapper-player\" style=\"width:400px\">\n\t\t\t\t\t\t\t\t\t\t\t\t<div class=\"yotu-player\">\n\t\t\t\t\t\t\t<div class=\"yotu-video-placeholder\" id=\"yotu-player-69f76965dd829\"><\/div>\n\t\t\t\t\t\t<\/div>\n\t\t\t\t\t\t<div class=\"yotu-playing-status\"><\/div>\n\t\t\t\t\t\t\t\t\t\t\t<\/div>\n\n\t\t\t\t\t<div class=\"yotu-videos yotu-mode-grid yotu-preset yotu-preset-gplus yotu-column-4 yotu-player-mode-large\">\n\t<ul>\n\t\t\t\t\t<li class=\" yotu-first yotu-last\">\n\t\t\t\t\t\t\t\t<a href=\"#9Ap0qHXvNWw\" class=\"yotu-video\" data-videoid=\"9Ap0qHXvNWw\" data-title=\"Im Wald steht ein Ha\u0308usl\" title=\"Im Wald steht ein Ha\u0308usl\">\n\t\t\t\t\t<div class=\"yotu-video-thumb-wrp\">\n\t\t\t\t\t\t<div>\n\t\t\t\t\t\t\t\t\t\t\t\t\t\t<img decoding=\"async\" class=\"yotu-video-thumb\" src=\"https:\/\/i.ytimg.com\/vi\/9Ap0qHXvNWw\/sddefault.jpg\" alt=\"Im Wald steht ein Ha\u0308usl\">\t\n\t\t\t\t\t\t\t\t\t\t\t\t\t<\/div>\n\t\t\t\t\t<\/div>\n\t\t\t\t\t\t\t\t\t\t\t<h3 class=\"yotu-video-title\">Im Wald steht ein Ha\u0308usl<\/h3>\n\t\t\t\t\t\t\t\t\t\t\t\t\t\t\t\t\t\t\t<\/a>\n\t\t\t\t\t\t\t<\/li>\n\t\t\t\t\n\t\t\t\t<\/ul>\n<\/div><div class=\"yotu-pagination yotu-hide\">\n\t<a href=\"#\" class=\"yotu-pagination-more yotu-button-prs yotu-button-prs-3\" data-page=\"more\">Load more<\/a>\n<\/div>\n\t\t\t\t<\/div>\n\t\t\t<\/div>\n\t\t\t\n","protected":false},"excerpt":{"rendered":"<p>Der folgende Text hat einen konkreten Ausl\u00f6ser. Am 31.1.2023 t\u00e4tigte der Politiker Gottfried Waldh\u00e4usl aus der rechtsnationalen Partei FP\u00d6 in \u00d6sterreich im Zuge einer Fernseh-Diskussionssendung om Sender Puls4 eine Aussage, die dazu f\u00fchrte, dass wenige Tage sp\u00e4ter &#8211; offenbar &#8211; eine rechtsnationale Gruppierung vor einer \u00f6ffentlichen Schule in Wien unter anderem Flyer mit rassistischen Inhalten [&hellip;]<\/p>\n","protected":false},"author":1,"featured_media":0,"comment_status":"closed","ping_status":"closed","sticky":false,"template":"","format":"standard","meta":{"_exactmetrics_skip_tracking":false,"_exactmetrics_sitenote_active":false,"_exactmetrics_sitenote_note":"","_exactmetrics_sitenote_category":0,"_jetpack_memberships_contains_paid_content":false,"footnotes":""},"categories":[41],"tags":[],"class_list":["post-3477","post","type-post","status-publish","format-standard","hentry","category-lyrik"],"aioseo_notices":[],"jetpack_featured_media_url":"","jetpack_sharing_enabled":true,"_links":{"self":[{"href":"https:\/\/www.stefanlotter.at\/index.php\/wp-json\/wp\/v2\/posts\/3477","targetHints":{"allow":["GET"]}}],"collection":[{"href":"https:\/\/www.stefanlotter.at\/index.php\/wp-json\/wp\/v2\/posts"}],"about":[{"href":"https:\/\/www.stefanlotter.at\/index.php\/wp-json\/wp\/v2\/types\/post"}],"author":[{"embeddable":true,"href":"https:\/\/www.stefanlotter.at\/index.php\/wp-json\/wp\/v2\/users\/1"}],"replies":[{"embeddable":true,"href":"https:\/\/www.stefanlotter.at\/index.php\/wp-json\/wp\/v2\/comments?post=3477"}],"version-history":[{"count":1,"href":"https:\/\/www.stefanlotter.at\/index.php\/wp-json\/wp\/v2\/posts\/3477\/revisions"}],"predecessor-version":[{"id":3478,"href":"https:\/\/www.stefanlotter.at\/index.php\/wp-json\/wp\/v2\/posts\/3477\/revisions\/3478"}],"wp:attachment":[{"href":"https:\/\/www.stefanlotter.at\/index.php\/wp-json\/wp\/v2\/media?parent=3477"}],"wp:term":[{"taxonomy":"category","embeddable":true,"href":"https:\/\/www.stefanlotter.at\/index.php\/wp-json\/wp\/v2\/categories?post=3477"},{"taxonomy":"post_tag","embeddable":true,"href":"https:\/\/www.stefanlotter.at\/index.php\/wp-json\/wp\/v2\/tags?post=3477"}],"curies":[{"name":"wp","href":"https:\/\/api.w.org\/{rel}","templated":true}]}}